{"id":2254,"date":"2017-02-17T00:00:00","date_gmt":"2017-02-17T02:00:00","guid":{"rendered":"https:\/\/rederiohoteis.com\/consejos-para-empacar-la-maleta\/"},"modified":"2023-05-27T14:01:48","modified_gmt":"2023-05-27T17:01:48","slug":"consejos-para-empacar-la-maleta","status":"publish","type":"post","link":"https:\/\/rederiohoteis.com\/es\/consejos-para-empacar-la-maleta\/","title":{"rendered":"Consejos para empacar la maleta"},"content":{"rendered":"<p>Si usted es el tipo que le encanta viajar, pero desanima ante la idea de <strong>empacar&nbsp;la maleta<\/strong>, Rede Rio Hoteles te da consejos relacionados con el aseo de las maletas&nbsp;y opciones de alojamiento en <a href=\"https:\/\/rederiohoteis.com\/es\/\" target=\"_blank\" rel=\"noopener\">hotel en r\u00edo<\/a>!<\/p>\n<p>&nbsp;<\/p>\n<h2>Plan para empacar una maleta<\/h2>\n<p>Si va a viajar s\u00f3lo por un fin de semana, est\u00e1 bien <strong>empacar la maleta<\/strong> en el d\u00eda anterior. Pero, si haces un viaje larga, comenza a <strong>empacar la maleta<\/strong> dos o tres d\u00edas antes de la salida. Por lo tanto, si usted todav\u00eda necesita comprar o lavar cualquier art\u00edculo, usted tendr\u00e1 tiempo.<\/p>\n<p>&nbsp;<\/p>\n<h2>Separar lo que usted&nbsp;llevar\u00e1<\/h2>\n<p>Antes de colocar en la maleta, separar lo que va llevar a el viaje. Tenga en cuenta los d\u00edas que permanecer\u00e1n, el clima del lugar y la planificaci\u00f3n para ir a alg\u00fan evento.<\/p>\n<p>El secreto est\u00e1 en elegir bien las piezas del comod\u00edn. Jeans, por ejemplo, se puede utilizar m\u00e1s de una vez. Tomar diferentes camisas&nbsp;para que coincida con &#8211; al menos uno para cada d\u00eda de viaje.<\/p>\n<p>Los zapatos deben ser neutro y confortable. Tomar s\u00f3lo lo que necesita, porque pesan y ocupan mucho espacio en el maletero. Toma&nbsp;un abrigo mismo que el tiempo no indique fr\u00edo, ya que esto puede cambiar. Los lugares con aire acondicionado pueden hacer que te arrepientas no haber puesto una chaqueta en su maleta.<\/p>\n<p>Una parte muy importante para&nbsp;<strong>empacar la maleta<\/strong> es separar todos los elementos esenciales de higiene para su supervivencia durante el viaje. Organizar todo en una n\u00e9cessaire.<\/p>\n<p>Tomar las bolsas de ropa sucia. Usted no quiere mezclarlos con los objetos que no se usan, \u00bfno es as\u00ed?<\/p>\n<p>No se olvide de poner un poco de medicina cuando <strong>empacar&nbsp;la maleta<\/strong>. Esto es especialmente importante si toma alguna medicaci\u00f3n diaria. Agua y bocadillos tambi\u00e9n son indispensables para el camino.<\/p>\n<p>Aseg\u00farese de que usted est\u00e1 tomando todos los documentos y papeles de reserva. Esto debe se&nbsp;quedar en un bolso de mano, para facilitar el acceso.<\/p>\n<p>&nbsp;<\/p>\n<h2>La organizaci\u00f3n en la maleta<\/h2>\n<p>El orden de <strong>empacar la maleta<\/strong> es una de las cosas m\u00e1s importantes. Coloque las cosas m\u00e1s pesados primero, como abrigos y zapatos. Entonces, a\u00f1adir la ropa que amasado menos, como pantalones y pantalones cortos. Las camisas deben estar plegadas&nbsp;normalmente y enrolladas. Estas piezas se pueden colocar en las esquinas y los espacios vac\u00edos de la bolsa.<\/p>\n<p>La ropa interior debe ser colocado en bolsas para ser m\u00e1s&nbsp;f\u00e1cil encontrarlos. Los zapatos tambi\u00e9n deben ser colocados en bolsas individuales. Pueden permanecer en un compartimiento separado en el maletero o, si protegida, colocada junto a la ropa.<\/p>\n<p>Si es posible, a\u00f1adir algunas perchas cuando <strong>empacar las maletas<\/strong>. Un buen consejo es colgar las piezas amasadas un poco en el ba\u00f1o del hotel, la ducha de vapor ayuda a desamassar el tejido.<\/p>\n<p>&nbsp;<\/p>\n<h2>Elegir bien&nbsp;el hotel<\/h2>\n<p>Cuando terminar&nbsp;de <strong>empacar la&nbsp;maleta<\/strong>, \u00a1ya est\u00e1 listo para viajar! Si su destino&nbsp;es R\u00edo de Janeiro, alojarse en uno de los <a href=\"https:\/\/rederiohoteis.com\/es\/\" target=\"_blank\" rel=\"noopener\">hoteles en el centro de R\u00edo de Janeiro<\/a> de la mejor cadena hotelera de la ciudad: con Rede R\u00edo Hoteles tiene la mejor relaci\u00f3n costo\/beneficio y comodidad garantizada, adem\u00e1s de ser cerca de los mejores lugares de inter\u00e9s y se destacar entre los <a href=\"https:\/\/rederiohoteis.com\/es\/hotel-en-lapa-rio-arosa\/\" target=\"_blank\" rel=\"noopener\">hoteles en R\u00edo de Janeiro Lapa <\/a>y <a href=\"https:\/\/rederiohoteis.com\/es\/\" target=\"_blank\" rel=\"noopener\">hoteles centro de R\u00edo de Janeiro<\/a>. Haga su <a href=\"https:\/\/reservations.omnibees.com\/chain.aspx?c=2163&amp;lang=pt-br&amp;sid=a3292869-e0a4-4343-be32-f61245b5a191&amp;version=Reservation\" target=\"_blank\" rel=\"noopener\">reserva<\/a> en nuestro <a href=\"https:\/\/rederiohoteis.com\/es\/\" target=\"_blank\" rel=\"noopener\">hotel del centro de R\u00edo de Janeiro<\/a> o en nuestro <a href=\"https:\/\/rederiohoteis.com\/es\/hotel-en-lapa-rio-arosa\/\" target=\"_blank\" rel=\"noopener\">hotel Lapa R\u00edo de Janeiro<\/a> y disfruta de una estancia excepcional!<\/p>\n","protected":false},"excerpt":{"rendered":"<p>Si usted es el tipo que le encanta viajar, pero desanima ante la idea de empacar&nbsp;la maleta, Rede Rio Hoteles te da consejos relacionados con el aseo de las maletas&nbsp;y opciones de alojamiento en hotel en r\u00edo! &nbsp; Plan para empacar una maleta Si va a viajar s\u00f3lo por un fin de semana, est\u00e1 bien [&hellip;]<\/p>\n","protected":false},"author":2,"featured_media":3435,"comment_status":"closed","ping_status":"closed","sticky":false,"template":"","format":"standard","meta":{"footnotes":""},"categories":[41],"tags":[551,552,94],"class_list":["post-2254","post","type-post","status-publish","format-standard","has-post-thumbnail","hentry","category-consejos-de-viaje","tag-arreglar-la-maleta","tag-consejos-de-viajen","tag-turismo"],"blocksy_meta":[],"amp_enabled":true,"_links":{"self":[{"href":"https:\/\/rederiohoteis.com\/es\/wp-json\/wp\/v2\/posts\/2254","targetHints":{"allow":["GET"]}}],"collection":[{"href":"https:\/\/rederiohoteis.com\/es\/wp-json\/wp\/v2\/posts"}],"about":[{"href":"https:\/\/rederiohoteis.com\/es\/wp-json\/wp\/v2\/types\/post"}],"author":[{"embeddable":true,"href":"https:\/\/rederiohoteis.com\/es\/wp-json\/wp\/v2\/users\/2"}],"replies":[{"embeddable":true,"href":"https:\/\/rederiohoteis.com\/es\/wp-json\/wp\/v2\/comments?post=2254"}],"version-history":[{"count":0,"href":"https:\/\/rederiohoteis.com\/es\/wp-json\/wp\/v2\/posts\/2254\/revisions"}],"wp:featuredmedia":[{"embeddable":true,"href":"https:\/\/rederiohoteis.com\/es\/wp-json\/wp\/v2\/media\/3435"}],"wp:attachment":[{"href":"https:\/\/rederiohoteis.com\/es\/wp-json\/wp\/v2\/media?parent=2254"}],"wp:term":[{"taxonomy":"category","embeddable":true,"href":"https:\/\/rederiohoteis.com\/es\/wp-json\/wp\/v2\/categories?post=2254"},{"taxonomy":"post_tag","embeddable":true,"href":"https:\/\/rederiohoteis.com\/es\/wp-json\/wp\/v2\/tags?post=2254"}],"curies":[{"name":"wp","href":"https:\/\/api.w.org\/{rel}","templated":true}]}}